{"id":101013,"date":"2016-08-30T16:15:49","date_gmt":"2016-08-30T14:15:49","guid":{"rendered":"http:\/\/www.iphone-ticker.de\/?p=101013"},"modified":"2016-08-30T16:15:49","modified_gmt":"2016-08-30T14:15:49","slug":"iphone-7-label-von-testgeraet-deutet-auf-32-statt-16-gb-speicher-beim-einstiegsmodell-hin","status":"publish","type":"post","link":"https:\/\/www.iphone-ticker.de\/iphone-7-label-von-testgeraet-deutet-auf-32-statt-16-gb-speicher-beim-einstiegsmodell-hin-101013\/","title":{"rendered":"iPhone 7: Label von Testger\u00e4t deutet auf 32 statt 16 GB Speicher beim Einstiegsmodell hin"},"content":{"rendered":"<p>Wenige Tage vor der Vorstellung der neuen iPhone-Generation l\u00e4uft die Ger\u00fcchtek\u00fcche traditionell auf Hochtouren. Ein <a href=\"https:\/\/twitter.com\/the_malignant\/status\/770499862962049025\">auf Twitter<\/a> ver\u00f6ffentlichtes Bild soll nun auch die Erwartungen dahingehend best\u00e4tigen, dass Apple die Speichergr\u00f6\u00dfe des Einstiegsmodells auf 32 GB anhebt.<\/p>\n<p><a href=\"https:\/\/images.iphone-ticker.de\/wp-content\/uploads\/2016\/08\/iphone-7-prototyp.jpg\"><img loading=\"lazy\" decoding=\"async\" src=\"https:\/\/images.iphone-ticker.de\/wp-content\/uploads\/2016\/08\/iphone-7-prototyp.jpg\" alt=\"Iphone 7 Prototyp\" width=\"500\" height=\"667\" class=\"alignnone size-full wp-image-101014\" srcset=\"https:\/\/images.iphone-ticker.de\/wp-content\/uploads\/2016\/08\/iphone-7-prototyp.jpg 500w, https:\/\/images.iphone-ticker.de\/wp-content\/uploads\/2016\/08\/iphone-7-prototyp-225x300.jpg 225w\" sizes=\"auto, (max-width: 500px) 100vw, 500px\" \/><\/a><\/p>\n<p>Das Foto zeigt angeblich das vom Apple-Zulieferer Foxconn vergebene Typenschild eines iPhone-Prototypen und ist um den Hinweis erg\u00e4nzt, dass die ausgegebenen Testger\u00e4te nun wieder eingezogen werden. Den Angaben auf dem Aufkleber zufolge waren insgesamt 3000 Testger\u00e4te im Umlauf und das zugeh\u00f6rige iPhone hatte 32 GB Speicher. Bei den aktuellen Modellen ist diese Variante nicht vertreten, Apple bietet das iPhone 6s nur mit 16, 64 und 128 GB Speicher an<\/p>\n<p>Mehr Speicher f\u00fcr das Einstiegsmodell wird schon l\u00e4ngere Zeit gefordert. Apple argumentierte in der Vergangenheit stets damit, dass man aufgrund der flexiblen Cloud-Speicher-Optionen heutzutage weniger im Ger\u00e4t verbauten Speicher ben\u00f6tigt. Dies ist mit Blick auf den Speicherhunger von HD-Videoaufnahmen sowie diversen Apps f\u00fcr Anwender jedoch nur schwer nachvollziehbar. <a href=\"https:\/\/www.iphone-ticker.de\/iphone-7-256gb-speicher-fuer-das-top-modell-32gb-fuer-einsteiger-100510\/\" title=\"iPhone 7: 256GB Speicher f\u00fcr das Top-Modell, 32GB f\u00fcr Einsteiger\">Ger\u00fcchte<\/a> bez\u00fcglich einer h\u00f6heren Speicherausstattung beim iPhone 7 gibt es bereits l\u00e4ngere Zeit.<\/p>\n<p><h8>Via <a href=\"http:\/\/appleinsider.com\/articles\/16\/08\/30\/alleged-iphone-7-prototype-sticker-points-to-32gb-of-storage-on-base-models\">AppleInsider<\/a><\/h8><\/p>\n","protected":false},"excerpt":{"rendered":"<a href=\"https:\/\/www.iphone-ticker.de\/iphone-7-label-von-testgeraet-deutet-auf-32-statt-16-gb-speicher-beim-einstiegsmodell-hin-101013\/\"><img width=\"150\" height=\"150\" src=\"https:\/\/images.iphone-ticker.de\/wp-content\/uploads\/2016\/08\/iphone-7-prototyp-150x150.jpg\" class=\"alignright tfe wp-post-image\" alt=\"Iphone 7 Prototyp\" decoding=\"async\" loading=\"lazy\" \/><\/a><p>Wenige Tage vor der Vorstellung der neuen iPhone-Generation l\u00e4uft die Ger\u00fcchtek\u00fcche traditionell auf Hochtouren. Ein auf Twitter ver\u00f6ffentlichtes Bild soll nun auch die Erwartungen dahingehend best\u00e4tigen, dass Apple die Speichergr\u00f6\u00dfe des Einstiegsmodells auf 32 GB anhebt. Das Foto zeigt angeblich das vom Apple-Zulieferer Foxconn vergebene Typenschild eines iPhone-Prototypen und ist um den Hinweis erg\u00e4nzt, dass [&hellip;]<\/p>\n","protected":false},"author":2,"featured_media":101014,"comment_status":"open","ping_status":"closed","sticky":false,"template":"","format":"standard","meta":{"footnotes":""},"categories":[6],"tags":[2903,497],"class_list":["post-101013","post","type-post","status-publish","format-standard","has-post-thumbnail","hentry","category-rumors","tag-iphone-7","tag-speicher"],"aioseo_notices":[],"featured_image":["https:\/\/images.iphone-ticker.de\/wp-content\/uploads\/2016\/07\/speicher.jpg"],"rest_api_enabler":{"featured_image":"https:\/\/images.iphone-ticker.de\/wp-content\/uploads\/2016\/07\/speicher.jpg"},"_links":{"self":[{"href":"https:\/\/www.iphone-ticker.de\/apiv2\/wp\/v2\/posts\/101013","targetHints":{"allow":["GET"]}}],"collection":[{"href":"https:\/\/www.iphone-ticker.de\/apiv2\/wp\/v2\/posts"}],"about":[{"href":"https:\/\/www.iphone-ticker.de\/apiv2\/wp\/v2\/types\/post"}],"author":[{"embeddable":true,"href":"https:\/\/www.iphone-ticker.de\/apiv2\/wp\/v2\/users\/2"}],"replies":[{"embeddable":true,"href":"https:\/\/www.iphone-ticker.de\/apiv2\/wp\/v2\/comments?post=101013"}],"version-history":[{"count":4,"href":"https:\/\/www.iphone-ticker.de\/apiv2\/wp\/v2\/posts\/101013\/revisions"}],"predecessor-version":[{"id":101018,"href":"https:\/\/www.iphone-ticker.de\/apiv2\/wp\/v2\/posts\/101013\/revisions\/101018"}],"wp:featuredmedia":[{"embeddable":true,"href":"https:\/\/www.iphone-ticker.de\/apiv2\/wp\/v2\/media\/101014"}],"wp:attachment":[{"href":"https:\/\/www.iphone-ticker.de\/apiv2\/wp\/v2\/media?parent=101013"}],"wp:term":[{"taxonomy":"category","embeddable":true,"href":"https:\/\/www.iphone-ticker.de\/apiv2\/wp\/v2\/categories?post=101013"},{"taxonomy":"post_tag","embeddable":true,"href":"https:\/\/www.iphone-ticker.de\/apiv2\/wp\/v2\/tags?post=101013"}],"curies":[{"name":"wp","href":"https:\/\/api.w.org\/{rel}","templated":true}]}}