{"id":100510,"date":"2016-08-18T07:57:07","date_gmt":"2016-08-18T05:57:07","guid":{"rendered":"http:\/\/www.iphone-ticker.de\/?p=100510"},"modified":"2016-08-18T07:57:07","modified_gmt":"2016-08-18T05:57:07","slug":"iphone-7-256gb-speicher-fuer-das-top-modell-32gb-fuer-einsteiger","status":"publish","type":"post","link":"https:\/\/www.iphone-ticker.de\/iphone-7-256gb-speicher-fuer-das-top-modell-32gb-fuer-einsteiger-100510\/","title":{"rendered":"iPhone 7: 256GB Speicher f\u00fcr das Top-Modell, 32GB f\u00fcr Einsteiger"},"content":{"rendered":"<p>Die asiatische Digitimes unterstreicht aktuell die im Juni aufgetauchten Speicher-Spezifikationen des anstehenden iPhone-Modells und erinnert an zwei signifikanten Umstellungen im Lineup zuk\u00fcnftiger iPhone-Familien. <\/p>\n<p><a href=\"https:\/\/images.iphone-ticker.de\/wp-content\/uploads\/2016\/08\/speicher.gif\"><img loading=\"lazy\" decoding=\"async\" src=\"https:\/\/images.iphone-ticker.de\/wp-content\/uploads\/2016\/08\/speicher.gif\" alt=\"Speicher\" width=\"500\" height=\"194\" class=\"aligncenter size-full wp-image-100511\" \/><\/a><\/p>\n<h6>iPhone 6s: Apples aktuelle Speicher-Angebote<\/h6>\n<p>So soll das iPhone 7, dessen Basisspeicher in diesem Jahr von 16GB auf 32GB verdoppelt werden soll, nicht nur in einer Version mit 64GB ausgeliefert werden (hier \u00e4ndert sich im Vergleich mit dem iPhone 6s nichts) sondern auch in einer Speicherausstattung mit 256GB erh\u00e4ltlich sein. <\/p>\n<p>Damit w\u00fcrde das im September erwartete Hardware-Upgrade seinen verf\u00fcgbaren Speicherplatz gleich in zwei Reihen um 100% erh\u00f6hen &#8211; ein Zugest\u00e4ndnis, mit dem Apple auf die neu verbauten und m\u00f6glicherweise speicherhungrigeren Kamera-Module und die <a href=\"http:\/\/www.iphone-ticker.de\/google-fotos-google-argumentiert-mit-geringem-iphone-speicher-100056\/\">stetige Kritik<\/a> an den kleinen Einstiegsgr\u00f6\u00dfen reagieren k\u00f6nnte.<\/p>\n<p>Apples Speicher-Verdopplung d\u00fcrfte <a href=\"http:\/\/www.digitimes.com\/news\/a20160817PD203.html\">nach Angaben<\/a> der Digitimes zu einem Preisanstieg der NAND-Module f\u00fchren. Erst Anfang sollen 2017 sollen die Preise wieder auf ein Normalniveau zur\u00fcckkehren. Allein im Jahr 2015 beanspruchte Apple 15% des NAND-Marktes f\u00fcr den Bau seiner Mobiltelefone. <\/p>\n<blockquote><p>NAND flash vendors have increased chip prices citing strong demand for new smartphones particularly the iPhone 7 featuring up to 256GB of storage, according to industry sources. Prices will keep soaring until the fourth quarter of 2016.\n<\/p><\/blockquote>\n","protected":false},"excerpt":{"rendered":"<a href=\"https:\/\/www.iphone-ticker.de\/iphone-7-256gb-speicher-fuer-das-top-modell-32gb-fuer-einsteiger-100510\/\"><img width=\"150\" height=\"150\" src=\"https:\/\/images.iphone-ticker.de\/wp-content\/uploads\/2016\/08\/speicher-150x150.gif\" class=\"alignright tfe wp-post-image\" alt=\"Speicher\" decoding=\"async\" loading=\"lazy\" \/><\/a><p>Die asiatische Digitimes unterstreicht aktuell die im Juni aufgetauchten Speicher-Spezifikationen des anstehenden iPhone-Modells und erinnert an zwei signifikanten Umstellungen im Lineup zuk\u00fcnftiger iPhone-Familien. iPhone 6s: Apples aktuelle Speicher-Angebote So soll das iPhone 7, dessen Basisspeicher in diesem Jahr von 16GB auf 32GB verdoppelt werden soll, nicht nur in einer Version mit 64GB ausgeliefert werden (hier [&hellip;]<\/p>\n","protected":false},"author":1,"featured_media":100511,"comment_status":"open","ping_status":"closed","sticky":false,"template":"","format":"standard","meta":{"footnotes":""},"categories":[749],"tags":[3912,2064,2903,3910,497],"class_list":["post-100510","post","type-post","status-publish","format-standard","has-post-thumbnail","hentry","category-iphone-2","tag-apple","tag-geruechte","tag-iphone-7","tag-rumors","tag-speicher"],"aioseo_notices":[],"featured_image":["https:\/\/images.iphone-ticker.de\/wp-content\/uploads\/2016\/07\/speicher.jpg"],"rest_api_enabler":{"featured_image":"https:\/\/images.iphone-ticker.de\/wp-content\/uploads\/2016\/07\/speicher.jpg"},"_links":{"self":[{"href":"https:\/\/www.iphone-ticker.de\/apiv2\/wp\/v2\/posts\/100510","targetHints":{"allow":["GET"]}}],"collection":[{"href":"https:\/\/www.iphone-ticker.de\/apiv2\/wp\/v2\/posts"}],"about":[{"href":"https:\/\/www.iphone-ticker.de\/apiv2\/wp\/v2\/types\/post"}],"author":[{"embeddable":true,"href":"https:\/\/www.iphone-ticker.de\/apiv2\/wp\/v2\/users\/1"}],"replies":[{"embeddable":true,"href":"https:\/\/www.iphone-ticker.de\/apiv2\/wp\/v2\/comments?post=100510"}],"version-history":[{"count":1,"href":"https:\/\/www.iphone-ticker.de\/apiv2\/wp\/v2\/posts\/100510\/revisions"}],"predecessor-version":[{"id":100512,"href":"https:\/\/www.iphone-ticker.de\/apiv2\/wp\/v2\/posts\/100510\/revisions\/100512"}],"wp:featuredmedia":[{"embeddable":true,"href":"https:\/\/www.iphone-ticker.de\/apiv2\/wp\/v2\/media\/100511"}],"wp:attachment":[{"href":"https:\/\/www.iphone-ticker.de\/apiv2\/wp\/v2\/media?parent=100510"}],"wp:term":[{"taxonomy":"category","embeddable":true,"href":"https:\/\/www.iphone-ticker.de\/apiv2\/wp\/v2\/categories?post=100510"},{"taxonomy":"post_tag","embeddable":true,"href":"https:\/\/www.iphone-ticker.de\/apiv2\/wp\/v2\/tags?post=100510"}],"curies":[{"name":"wp","href":"https:\/\/api.w.org\/{rel}","templated":true}]}}