{"id":100472,"date":"2016-08-17T12:05:16","date_gmt":"2016-08-17T10:05:16","guid":{"rendered":"http:\/\/www.iphone-ticker.de\/?p=100472"},"modified":"2016-08-17T12:05:16","modified_gmt":"2016-08-17T10:05:16","slug":"apple-watch-ingenieur-im-interview-das-design-team-sagt-staendig-nein","status":"publish","type":"post","link":"https:\/\/www.iphone-ticker.de\/apple-watch-ingenieur-im-interview-das-design-team-sagt-staendig-nein-100472\/","title":{"rendered":"Apple-Watch-Ingenieur im Interview: Das Design-Team sagt st\u00e4ndig &#8222;nein&#8220;"},"content":{"rendered":"<p>Mit Bob Messerschmidt plaudert im Interview mit dem Magazin <a href=\"http:\/\/www.fastcompany.com\/3062576\/tim-cooks-apple\/what-i-learned-working-with-jony-ives-team-on-the-apple-watch\">Fast Company<\/a> ein ehemaliger Apple-Mitarbeiter aus dem N\u00e4hk\u00e4stchen. Messerschmidt war Gr\u00fcnder einer von Apple \u00fcbernommenen Firma f\u00fcr Sensortechnik und war mit der Entwicklung der Sensoren f\u00fcr die Apple Watch befasst. Die Zusammenarbeit mit Jony Ives Design-Team gestaltete sich seinen Erz\u00e4hlungen zufolge alles andere als einfach.<\/p>\n<p>Eines von Messerschmidts Beispielen handelt von der Platzierung des Sensors zur Herzfrequenzmessung. F\u00fcr eine m\u00f6glichst akkurate Messung schlug er vor, den Sensor an der Unterseite des Handgelenks im Armband zu platzieren. Eine Idee, die von Ives Team rundum abgelehnt wurde:<\/p>\n<blockquote>\n<p>They said very quickly that &quot;that\u2019s not the design trend; that\u2019s not the fashion trend. We want to have interchangeable bands so we don\u2019t want to have any sensors in the band.&quot;<\/p>\n<\/blockquote>\n<p><a href=\"https:\/\/images.iphone-ticker.de\/wp-content\/uploads\/2015\/03\/700-herz.jpg\"><img loading=\"lazy\" decoding=\"async\" src=\"https:\/\/images.iphone-ticker.de\/wp-content\/uploads\/2015\/03\/700-herz.jpg\" alt=\"700-herz\" width=\"700\" height=\"357\" class=\"alignnone size-full wp-image-78581\" srcset=\"https:\/\/images.iphone-ticker.de\/wp-content\/uploads\/2015\/03\/700-herz.jpg 700w, https:\/\/images.iphone-ticker.de\/wp-content\/uploads\/2015\/03\/700-herz-300x153.jpg 300w\" sizes=\"auto, (max-width: 700px) 100vw, 700px\" \/><\/a><\/p>\n<p>Auch die Vorgabe, das Armband fest anzuziehen um genauere Messergebnisse zu erhalten, stie\u00dft Messerschmidt zufolge auf wenig Gegenliebe. Am Ende sei er somit auch besonders stolz darauf, dass er es dennoch geschafft habe, die Basis f\u00fcr eine derart akkurate Messung zu schaffen.<\/p>\n<blockquote>\n<p>I\u2019m so proud of my contribution to the heart rate sensor because it\u2019s generally discussed as the most accurate sensor that Apple has ever put in a product.<\/p>\n<\/blockquote>\n<p>Grunds\u00e4tzlich lobt Messerschmidt den bei Apple vorherrschenden stetigen Verbesserungswille, der auf den Apple-Gr\u00fcnder Steve Jobs zur\u00fcckgeht. Dieser war daf\u00fcr bekannt, auch gute Vorschl\u00e4ge von Mitarbeitern teils in der Luft zu zerreissen und wieder und wieder \u00fcberarbeitete Versionen zu fordern.<\/p>\n<blockquote>\n<p>That was really the beauty of Steve Jobs; it was the ability to say no, unless it was absolutely a blow-the-doors-off, knock-your-socks off product. That\u2019s one of the things I learned: Say no until it\u2019s just right.<\/p>\n<\/blockquote>\n<p>Jobs\u2019 Tod habe Apple allerdings ver\u00e4ndert. Auch wenn die internen Anstrengungen noch so gro\u00df seien, man k\u00f6nne den Geist von Steve Jobs nicht in eine Flasche packen, seine Denkweise weder erlernen noch vererben.<\/p>\n<blockquote>\n<p>You may remember that right after he died there was all this stuff about &quot;can Apple go on?&quot; Could anybody have the capacity to do that job (Jobs\u2019s)? All I can say at this point is that the jury is still out, but so far I think the signs are kind of pointing to &quot;No.&quot; It\u2019s definitely not the same place.<\/p>\n<\/blockquote>\n<p>Das komplette Interview mit Bob Messerschmidt findet ihr <a href=\"http:\/\/www.fastcompany.com\/3062576\/tim-cooks-apple\/what-i-learned-working-with-jony-ives-team-on-the-apple-watch\">hier<\/a>. Messerschmidt hat Apple mittlerweile Verlassen und will mit <a href=\"https:\/\/www.indiegogo.com\/projects\/cor-the-gold-standard-health-tracker-fitness#\/\">Cor<\/a> einen eigenen Gesundheits-Tracker auf den Markt bringen.<\/p>\n","protected":false},"excerpt":{"rendered":"<a href=\"https:\/\/www.iphone-ticker.de\/apple-watch-ingenieur-im-interview-das-design-team-sagt-staendig-nein-100472\/\"><img decoding=\"async\" width=\"150\" src=\"https:\/\/images.iphone-ticker.de\/wp-content\/uploads\/2015\/03\/700-herz.jpg\" class=\"alignright wp-post-image tfe\" alt=\"700-herz\" title=\"\" \/><\/a><p>Mit Bob Messerschmidt plaudert im Interview mit dem Magazin Fast Company ein ehemaliger Apple-Mitarbeiter aus dem N\u00e4hk\u00e4stchen. Messerschmidt war Gr\u00fcnder einer von Apple \u00fcbernommenen Firma f\u00fcr Sensortechnik und war mit der Entwicklung der Sensoren f\u00fcr die Apple Watch befasst. Die Zusammenarbeit mit Jony Ives Design-Team gestaltete sich seinen Erz\u00e4hlungen zufolge alles andere als einfach. Eines [&hellip;]<\/p>\n","protected":false},"author":2,"featured_media":0,"comment_status":"open","ping_status":"closed","sticky":false,"template":"","format":"standard","meta":{"footnotes":""},"categories":[1],"tags":[2759,3535,2318],"class_list":["post-100472","post","type-post","status-publish","format-standard","hentry","category-news","tag-apple-watch","tag-bob-messerschmidt","tag-jony-ive"],"aioseo_notices":[],"featured_image":["https:\/\/images.iphone-ticker.de\/wp-content\/uploads\/2016\/04\/apple-watch-header.jpg"],"rest_api_enabler":{"featured_image":"https:\/\/images.iphone-ticker.de\/wp-content\/uploads\/2016\/04\/apple-watch-header.jpg"},"_links":{"self":[{"href":"https:\/\/www.iphone-ticker.de\/apiv2\/wp\/v2\/posts\/100472","targetHints":{"allow":["GET"]}}],"collection":[{"href":"https:\/\/www.iphone-ticker.de\/apiv2\/wp\/v2\/posts"}],"about":[{"href":"https:\/\/www.iphone-ticker.de\/apiv2\/wp\/v2\/types\/post"}],"author":[{"embeddable":true,"href":"https:\/\/www.iphone-ticker.de\/apiv2\/wp\/v2\/users\/2"}],"replies":[{"embeddable":true,"href":"https:\/\/www.iphone-ticker.de\/apiv2\/wp\/v2\/comments?post=100472"}],"version-history":[{"count":4,"href":"https:\/\/www.iphone-ticker.de\/apiv2\/wp\/v2\/posts\/100472\/revisions"}],"predecessor-version":[{"id":100476,"href":"https:\/\/www.iphone-ticker.de\/apiv2\/wp\/v2\/posts\/100472\/revisions\/100476"}],"wp:attachment":[{"href":"https:\/\/www.iphone-ticker.de\/apiv2\/wp\/v2\/media?parent=100472"}],"wp:term":[{"taxonomy":"category","embeddable":true,"href":"https:\/\/www.iphone-ticker.de\/apiv2\/wp\/v2\/categories?post=100472"},{"taxonomy":"post_tag","embeddable":true,"href":"https:\/\/www.iphone-ticker.de\/apiv2\/wp\/v2\/tags?post=100472"}],"curies":[{"name":"wp","href":"https:\/\/api.w.org\/{rel}","templated":true}]}}