{"id":100430,"date":"2016-08-16T14:19:31","date_gmt":"2016-08-16T12:19:31","guid":{"rendered":"http:\/\/www.iphone-ticker.de\/?p=100430"},"modified":"2016-08-16T14:19:31","modified_gmt":"2016-08-16T12:19:31","slug":"photofast-memoriescable-lightning-kabel-mit-integriertem-zusatzspeicher","status":"publish","type":"post","link":"https:\/\/www.iphone-ticker.de\/photofast-memoriescable-lightning-kabel-mit-integriertem-zusatzspeicher-100430\/","title":{"rendered":"PhotoFast MemoriesCable: Lightning-Kabel mit integriertem Zusatzspeicher"},"content":{"rendered":"<p>PhotoFast ist uns in erster Linie durch seine mit Lightning- und USB-Anschluss ausgestatteten <a href=\"http:\/\/amzn.to\/2aR06s1\">iFlash-Speicher-Sticks<\/a> bekannt. Abgewandelt davon bietet das Unternehmen mit dem <a href=\"http:\/\/www.photofast.com\/home\/products\/apple-accessories\/memoriescable_gen3\/\">MemoriesCable<\/a> aber auch ein Lightning-Kabel mit integriertem Speicher an. Das MemoriesCable kann sowohl zum Aufladen von iPhone oder iPad als auch als Zusatzspeicher genutzt werden und ist jetzt in <a href=\"http:\/\/www.photofast.com\/home\/products\/apple-accessories\/memoriescable_gen3\/\">Generation 3<\/a> erh\u00e4ltlich.<\/p>\n<p><a href=\"https:\/\/images.iphone-ticker.de\/wp-content\/uploads\/2016\/08\/photofast-memoriescable-generation-3.jpg\"><img loading=\"lazy\" decoding=\"async\" src=\"https:\/\/images.iphone-ticker.de\/wp-content\/uploads\/2016\/08\/photofast-memoriescable-generation-3.jpg\" alt=\"Photofast Memoriescable Generation 3\" width=\"500\" height=\"311\" class=\"alignnone size-full wp-image-100431\" srcset=\"https:\/\/images.iphone-ticker.de\/wp-content\/uploads\/2016\/08\/photofast-memoriescable-generation-3.jpg 500w, https:\/\/images.iphone-ticker.de\/wp-content\/uploads\/2016\/08\/photofast-memoriescable-generation-3-300x187.jpg 300w\" sizes=\"auto, (max-width: 500px) 100vw, 500px\" \/><\/a><\/p>\n<p>Das neue MemoriesCable unterscheidet sich optisch deutlich von seinen Vorg\u00e4ngern. Ein mit Nylon ummanteltes Kabel soll mehr Stabilit\u00e4t bringen und sorgt gemeinsam mit den Alu-Steckern f\u00fcr ansprechende Optik. Die Funktionsweise bleibt unver\u00e4ndert: ihr benutzt das Kabel am Computer wie einen normalen USB-Stick, am iOS-Ger\u00e4t erfolgt der Zugriff \u00fcber eine zugeh\u00f6rige App. Ihr k\u00f6nnt dabei Mediendaten f\u00fcr den Zugriff \u00fcber die App auf dem externen Speicher ablegen oder das Ganze als Backup- oder Zusatzspeicher f\u00fcr euer iOS-Ger\u00e4t nutzen. Die Fotosammlung aber auch der Kalender oder die Kontakte lassen sich dabei automatisch sichern. F\u00fcr zus\u00e4tzliche Flexibilit\u00e4t sorgt die Anbindung an iCloud Drive, Dropbox oder Google Drive.<\/p>\n<p>Die neue Version des PhotoFast MemoriesCable ist mit 32GB, 64GB und 128GB Speicher in zwei Farbvarianten zu Preisen <a href=\"http:\/\/amzn.to\/2buQEI8\">ab 60 Euro<\/a> erh\u00e4ltlich, der Vorg\u00e4nger wird inzwischen bereits <a href=\"http:\/\/amzn.to\/2aQZPFz\">ab 45 Euro<\/a> angeboten.<\/p>\n<p><div class=\"responsive-video\"><iframe loading=\"lazy\" width=\"700\" height=\"394\" src=\"https:\/\/www.youtube.com\/embed\/iRik_MbgolE?rel=0\" frameborder=\"0\" allowfullscreen><\/iframe><\/div><\/p>\n","protected":false},"excerpt":{"rendered":"<a href=\"https:\/\/www.iphone-ticker.de\/photofast-memoriescable-lightning-kabel-mit-integriertem-zusatzspeicher-100430\/\"><img width=\"150\" height=\"150\" src=\"https:\/\/images.iphone-ticker.de\/wp-content\/uploads\/2016\/08\/photofast-memoriescable-header-150x150.jpg\" class=\"alignright tfe wp-post-image\" alt=\"Photofast Memoriescable Header\" decoding=\"async\" loading=\"lazy\" \/><\/a><p>PhotoFast ist uns in erster Linie durch seine mit Lightning- und USB-Anschluss ausgestatteten iFlash-Speicher-Sticks bekannt. Abgewandelt davon bietet das Unternehmen mit dem MemoriesCable aber auch ein Lightning-Kabel mit integriertem Speicher an. Das MemoriesCable kann sowohl zum Aufladen von iPhone oder iPad als auch als Zusatzspeicher genutzt werden und ist jetzt in Generation 3 erh\u00e4ltlich. Das [&hellip;]<\/p>\n","protected":false},"author":2,"featured_media":100432,"comment_status":"open","ping_status":"closed","sticky":false,"template":"","format":"standard","meta":{"footnotes":""},"categories":[24],"tags":[1653,3530,3297,497],"class_list":["post-100430","post","type-post","status-publish","format-standard","has-post-thumbnail","hentry","category-zubehor","tag-lightning","tag-memoriescable","tag-photofast","tag-speicher"],"aioseo_notices":[],"aioseo_head":"\n\t\t<!-- All in One SEO Pro 5.0.1 - aioseo.com -->\n\t<meta name=\"description\" content=\"PhotoFast ist uns in erster Linie durch seine mit Lightning- und USB-Anschluss ausgestatteten iFlash-Speicher-Sticks bekannt. Abgewandelt davon bietet das Unternehmen mit dem MemoriesCable aber auch ein Lightning-Kabel mit integriertem Speicher an. Das MemoriesCable kann sowohl zum Aufladen von iPhone oder iPad als auch als Zusatzspeicher genutzt werden und ist jetzt in Generation 3 erh\u00e4ltlich. Das\" \/>\n\t<meta name=\"robots\" content=\"max-image-preview:large\" \/>\n\t<meta name=\"author\" content=\"chris\"\/>\n\t<meta name=\"google-site-verification\" content=\"bRuV4_wqNuoQLypC9HVKibZ0X7EtNyELtju97qgyflM\" \/>\n\t<link rel=\"canonical\" href=\"https:\/\/www.iphone-ticker.de\/photofast-memoriescable-lightning-kabel-mit-integriertem-zusatzspeicher-100430\/\" \/>\n\t<meta name=\"generator\" content=\"All in One SEO Pro (AIOSEO) 5.0.1\" \/>\n\t\t<meta property=\"og:locale\" content=\"de_DE\" \/>\n\t\t<meta property=\"og:site_name\" content=\"iphone-ticker.de | Alles zum iPhone. Seit 2007.\" \/>\n\t\t<meta property=\"og:type\" content=\"article\" \/>\n\t\t<meta property=\"og:title\" content=\"PhotoFast MemoriesCable: Lightning-Kabel mit integriertem Zusatzspeicher | iphone-ticker.de\" \/>\n\t\t<meta property=\"og:description\" content=\"PhotoFast ist uns in erster Linie durch seine mit Lightning- und USB-Anschluss ausgestatteten iFlash-Speicher-Sticks bekannt. Abgewandelt davon bietet das Unternehmen mit dem MemoriesCable aber auch ein Lightning-Kabel mit integriertem Speicher an. Das MemoriesCable kann sowohl zum Aufladen von iPhone oder iPad als auch als Zusatzspeicher genutzt werden und ist jetzt in Generation 3 erh\u00e4ltlich. Das\" \/>\n\t\t<meta property=\"og:url\" content=\"https:\/\/www.iphone-ticker.de\/photofast-memoriescable-lightning-kabel-mit-integriertem-zusatzspeicher-100430\/\" \/>\n\t\t<meta property=\"article:published_time\" content=\"2016-08-16T12:19:31+00:00\" \/>\n\t\t<meta property=\"article:modified_time\" content=\"2016-08-16T12:19:31+00:00\" \/>\n\t\t<meta property=\"article:publisher\" content=\"https:\/\/facebook.com\/ifun.de\" \/>\n\t\t<meta name=\"twitter:card\" content=\"summary_large_image\" \/>\n\t\t<meta name=\"twitter:site\" content=\"@iphoneticker\" \/>\n\t\t<meta name=\"twitter:title\" content=\"PhotoFast MemoriesCable: Lightning-Kabel mit integriertem Zusatzspeicher | iphone-ticker.de\" \/>\n\t\t<meta name=\"twitter:description\" content=\"PhotoFast ist uns in erster Linie durch seine mit Lightning- und USB-Anschluss ausgestatteten iFlash-Speicher-Sticks bekannt. Abgewandelt davon bietet das Unternehmen mit dem MemoriesCable aber auch ein Lightning-Kabel mit integriertem Speicher an. Das MemoriesCable kann sowohl zum Aufladen von iPhone oder iPad als auch als Zusatzspeicher genutzt werden und ist jetzt in Generation 3 erh\u00e4ltlich. Das\" \/>\n\t\t<meta name=\"twitter:creator\" content=\"@iphoneticker\" \/>\n\t\t<script type=\"application\/ld+json\" class=\"aioseo-schema\">\n\t\t\t{\"@context\":\"https:\\\/\\\/schema.org\",\"@graph\":[{\"@type\":\"BreadcrumbList\",\"@id\":\"https:\\\/\\\/www.iphone-ticker.de\\\/photofast-memoriescable-lightning-kabel-mit-integriertem-zusatzspeicher-100430\\\/#breadcrumblist\",\"itemListElement\":[{\"@type\":\"ListItem\",\"@id\":\"https:\\\/\\\/www.iphone-ticker.de#listItem\",\"position\":1,\"name\":\"Home\",\"item\":\"https:\\\/\\\/www.iphone-ticker.de\",\"nextItem\":{\"@type\":\"ListItem\",\"@id\":\"https:\\\/\\\/www.iphone-ticker.de\\\/category\\\/zubehor\\\/#listItem\",\"name\":\"Zubeh\\u00f6r\"}},{\"@type\":\"ListItem\",\"@id\":\"https:\\\/\\\/www.iphone-ticker.de\\\/category\\\/zubehor\\\/#listItem\",\"position\":2,\"name\":\"Zubeh\\u00f6r\",\"item\":\"https:\\\/\\\/www.iphone-ticker.de\\\/category\\\/zubehor\\\/\",\"nextItem\":{\"@type\":\"ListItem\",\"@id\":\"https:\\\/\\\/www.iphone-ticker.de\\\/photofast-memoriescable-lightning-kabel-mit-integriertem-zusatzspeicher-100430\\\/#listItem\",\"name\":\"PhotoFast MemoriesCable: Lightning-Kabel mit integriertem Zusatzspeicher\"},\"previousItem\":{\"@type\":\"ListItem\",\"@id\":\"https:\\\/\\\/www.iphone-ticker.de#listItem\",\"name\":\"Home\"}},{\"@type\":\"ListItem\",\"@id\":\"https:\\\/\\\/www.iphone-ticker.de\\\/photofast-memoriescable-lightning-kabel-mit-integriertem-zusatzspeicher-100430\\\/#listItem\",\"position\":3,\"name\":\"PhotoFast MemoriesCable: Lightning-Kabel mit integriertem Zusatzspeicher\",\"previousItem\":{\"@type\":\"ListItem\",\"@id\":\"https:\\\/\\\/www.iphone-ticker.de\\\/category\\\/zubehor\\\/#listItem\",\"name\":\"Zubeh\\u00f6r\"}}]},{\"@type\":\"NewsArticle\",\"@id\":\"https:\\\/\\\/www.iphone-ticker.de\\\/photofast-memoriescable-lightning-kabel-mit-integriertem-zusatzspeicher-100430\\\/#newsarticle\",\"name\":\"PhotoFast MemoriesCable: Lightning-Kabel mit integriertem Zusatzspeicher | iphone-ticker.de\",\"headline\":\"PhotoFast MemoriesCable: Lightning-Kabel mit integriertem Zusatzspeicher\",\"author\":{\"@id\":\"https:\\\/\\\/www.iphone-ticker.de\\\/author\\\/chris\\\/#author\"},\"publisher\":{\"@id\":\"https:\\\/\\\/www.iphone-ticker.de\\\/#organization\"},\"image\":{\"@type\":\"ImageObject\",\"url\":\"https:\\\/\\\/images.iphone-ticker.de\\\/wp-content\\\/uploads\\\/2016\\\/08\\\/photofast-memoriescable-header.jpg\",\"width\":960,\"height\":378,\"caption\":\"Photofast Memoriescable Header\"},\"datePublished\":\"2016-08-16T14:19:31+02:00\",\"dateModified\":\"2016-08-16T14:19:31+02:00\",\"inLanguage\":\"de-DE\",\"commentCount\":6,\"mainEntityOfPage\":{\"@id\":\"https:\\\/\\\/www.iphone-ticker.de\\\/photofast-memoriescable-lightning-kabel-mit-integriertem-zusatzspeicher-100430\\\/#webpage\"},\"isPartOf\":{\"@id\":\"https:\\\/\\\/www.iphone-ticker.de\\\/photofast-memoriescable-lightning-kabel-mit-integriertem-zusatzspeicher-100430\\\/#webpage\"},\"articleSection\":\"Zubeh\\u00f6r, Lightning, MemoriesCable, Photofast, Speicher\",\"dateline\":\"Ver\\u00f6ffentlicht am August 16, 2016.\"},{\"@type\":\"Organization\",\"@id\":\"https:\\\/\\\/www.iphone-ticker.de\\\/#organization\",\"name\":\"aketo GmbH\",\"description\":\"Die aketo GmbH versorgt das deutschsprachige Internet mit den f\\u00fchrenden Nachrichtenangeboten zu Apple, dem iPhone, dem iPad und Apples Lifestyle-Produkten. Konzepte, Redaktion, Recherchen und Archiv.\",\"url\":\"https:\\\/\\\/www.iphone-ticker.de\\\/\",\"email\":\"ifun.de@gmail.com\",\"telephone\":\"+493057707123\",\"foundingDate\":\"2007-01-01\",\"logo\":{\"@type\":\"ImageObject\",\"url\":\"https:\\\/\\\/images.iphone-ticker.de\\\/wp-content\\\/uploads\\\/2026\\\/02\\\/apple-touch-icon.png\",\"@id\":\"https:\\\/\\\/www.iphone-ticker.de\\\/photofast-memoriescable-lightning-kabel-mit-integriertem-zusatzspeicher-100430\\\/#organizationLogo\",\"width\":1024,\"height\":1024,\"caption\":\"Apple Touch Icon\"},\"image\":{\"@id\":\"https:\\\/\\\/www.iphone-ticker.de\\\/photofast-memoriescable-lightning-kabel-mit-integriertem-zusatzspeicher-100430\\\/#organizationLogo\"},\"sameAs\":[\"https:\\\/\\\/facebook.com\\\/ifun.de\",\"https:\\\/\\\/x.com\\\/iphoneticker\"]},{\"@type\":\"Person\",\"@id\":\"https:\\\/\\\/www.iphone-ticker.de\\\/author\\\/chris\\\/#author\",\"url\":\"https:\\\/\\\/www.iphone-ticker.de\\\/author\\\/chris\\\/\",\"name\":\"chris\"},{\"@type\":\"WebPage\",\"@id\":\"https:\\\/\\\/www.iphone-ticker.de\\\/photofast-memoriescable-lightning-kabel-mit-integriertem-zusatzspeicher-100430\\\/#webpage\",\"url\":\"https:\\\/\\\/www.iphone-ticker.de\\\/photofast-memoriescable-lightning-kabel-mit-integriertem-zusatzspeicher-100430\\\/\",\"name\":\"PhotoFast MemoriesCable: Lightning-Kabel mit integriertem Zusatzspeicher | iphone-ticker.de\",\"description\":\"PhotoFast ist uns in erster Linie durch seine mit Lightning- und USB-Anschluss ausgestatteten iFlash-Speicher-Sticks bekannt. Abgewandelt davon bietet das Unternehmen mit dem MemoriesCable aber auch ein Lightning-Kabel mit integriertem Speicher an. Das MemoriesCable kann sowohl zum Aufladen von iPhone oder iPad als auch als Zusatzspeicher genutzt werden und ist jetzt in Generation 3 erh\\u00e4ltlich. Das\",\"inLanguage\":\"de-DE\",\"isPartOf\":{\"@id\":\"https:\\\/\\\/www.iphone-ticker.de\\\/#website\"},\"breadcrumb\":{\"@id\":\"https:\\\/\\\/www.iphone-ticker.de\\\/photofast-memoriescable-lightning-kabel-mit-integriertem-zusatzspeicher-100430\\\/#breadcrumblist\"},\"author\":{\"@id\":\"https:\\\/\\\/www.iphone-ticker.de\\\/author\\\/chris\\\/#author\"},\"creator\":{\"@id\":\"https:\\\/\\\/www.iphone-ticker.de\\\/author\\\/chris\\\/#author\"},\"image\":{\"@type\":\"ImageObject\",\"url\":\"https:\\\/\\\/images.iphone-ticker.de\\\/wp-content\\\/uploads\\\/2016\\\/08\\\/photofast-memoriescable-header.jpg\",\"@id\":\"https:\\\/\\\/www.iphone-ticker.de\\\/photofast-memoriescable-lightning-kabel-mit-integriertem-zusatzspeicher-100430\\\/#mainImage\",\"width\":960,\"height\":378,\"caption\":\"Photofast Memoriescable Header\"},\"primaryImageOfPage\":{\"@id\":\"https:\\\/\\\/www.iphone-ticker.de\\\/photofast-memoriescable-lightning-kabel-mit-integriertem-zusatzspeicher-100430\\\/#mainImage\"},\"datePublished\":\"2016-08-16T14:19:31+02:00\",\"dateModified\":\"2016-08-16T14:19:31+02:00\"},{\"@type\":\"WebSite\",\"@id\":\"https:\\\/\\\/www.iphone-ticker.de\\\/#website\",\"url\":\"https:\\\/\\\/www.iphone-ticker.de\\\/\",\"name\":\"iphone-ticker.de\",\"description\":\"Alles zum iPhone. Seit 2007.\",\"inLanguage\":\"de-DE\",\"publisher\":{\"@id\":\"https:\\\/\\\/www.iphone-ticker.de\\\/#organization\"}}]}\n\t\t<\/script>\n\t\t<!-- All in One SEO Pro -->\r\n\t\t<title>PhotoFast MemoriesCable: Lightning-Kabel mit integriertem Zusatzspeicher | iphone-ticker.de<\/title>\n\n","aioseo_head_json":{"title":"PhotoFast MemoriesCable: Lightning-Kabel mit integriertem Zusatzspeicher | iphone-ticker.de","description":"PhotoFast ist uns in erster Linie durch seine mit Lightning- und USB-Anschluss ausgestatteten iFlash-Speicher-Sticks bekannt. Abgewandelt davon bietet das Unternehmen mit dem MemoriesCable aber auch ein Lightning-Kabel mit integriertem Speicher an. Das MemoriesCable kann sowohl zum Aufladen von iPhone oder iPad als auch als Zusatzspeicher genutzt werden und ist jetzt in Generation 3 erh\u00e4ltlich. Das","canonical_url":"https:\/\/www.iphone-ticker.de\/photofast-memoriescable-lightning-kabel-mit-integriertem-zusatzspeicher-100430\/","robots":"max-image-preview:large","keywords":"","webmasterTools":{"google-site-verification":"bRuV4_wqNuoQLypC9HVKibZ0X7EtNyELtju97qgyflM","miscellaneous":""},"schema":{"@context":"https:\/\/schema.org","@graph":[{"@type":"BreadcrumbList","@id":"https:\/\/www.iphone-ticker.de\/photofast-memoriescable-lightning-kabel-mit-integriertem-zusatzspeicher-100430\/#breadcrumblist","itemListElement":[{"@type":"ListItem","@id":"https:\/\/www.iphone-ticker.de#listItem","position":1,"name":"Home","item":"https:\/\/www.iphone-ticker.de","nextItem":{"@type":"ListItem","@id":"https:\/\/www.iphone-ticker.de\/category\/zubehor\/#listItem","name":"Zubeh\u00f6r"}},{"@type":"ListItem","@id":"https:\/\/www.iphone-ticker.de\/category\/zubehor\/#listItem","position":2,"name":"Zubeh\u00f6r","item":"https:\/\/www.iphone-ticker.de\/category\/zubehor\/","nextItem":{"@type":"ListItem","@id":"https:\/\/www.iphone-ticker.de\/photofast-memoriescable-lightning-kabel-mit-integriertem-zusatzspeicher-100430\/#listItem","name":"PhotoFast MemoriesCable: Lightning-Kabel mit integriertem Zusatzspeicher"},"previousItem":{"@type":"ListItem","@id":"https:\/\/www.iphone-ticker.de#listItem","name":"Home"}},{"@type":"ListItem","@id":"https:\/\/www.iphone-ticker.de\/photofast-memoriescable-lightning-kabel-mit-integriertem-zusatzspeicher-100430\/#listItem","position":3,"name":"PhotoFast MemoriesCable: Lightning-Kabel mit integriertem Zusatzspeicher","previousItem":{"@type":"ListItem","@id":"https:\/\/www.iphone-ticker.de\/category\/zubehor\/#listItem","name":"Zubeh\u00f6r"}}]},{"@type":"NewsArticle","@id":"https:\/\/www.iphone-ticker.de\/photofast-memoriescable-lightning-kabel-mit-integriertem-zusatzspeicher-100430\/#newsarticle","name":"PhotoFast MemoriesCable: Lightning-Kabel mit integriertem Zusatzspeicher | iphone-ticker.de","headline":"PhotoFast MemoriesCable: Lightning-Kabel mit integriertem Zusatzspeicher","author":{"@id":"https:\/\/www.iphone-ticker.de\/author\/chris\/#author"},"publisher":{"@id":"https:\/\/www.iphone-ticker.de\/#organization"},"image":{"@type":"ImageObject","url":"https:\/\/images.iphone-ticker.de\/wp-content\/uploads\/2016\/08\/photofast-memoriescable-header.jpg","width":960,"height":378,"caption":"Photofast Memoriescable Header"},"datePublished":"2016-08-16T14:19:31+02:00","dateModified":"2016-08-16T14:19:31+02:00","inLanguage":"de-DE","commentCount":6,"mainEntityOfPage":{"@id":"https:\/\/www.iphone-ticker.de\/photofast-memoriescable-lightning-kabel-mit-integriertem-zusatzspeicher-100430\/#webpage"},"isPartOf":{"@id":"https:\/\/www.iphone-ticker.de\/photofast-memoriescable-lightning-kabel-mit-integriertem-zusatzspeicher-100430\/#webpage"},"articleSection":"Zubeh\u00f6r, Lightning, MemoriesCable, Photofast, Speicher","dateline":"Ver\u00f6ffentlicht am August 16, 2016."},{"@type":"Organization","@id":"https:\/\/www.iphone-ticker.de\/#organization","name":"aketo GmbH","description":"Die aketo GmbH versorgt das deutschsprachige Internet mit den f\u00fchrenden Nachrichtenangeboten zu Apple, dem iPhone, dem iPad und Apples Lifestyle-Produkten. Konzepte, Redaktion, Recherchen und Archiv.","url":"https:\/\/www.iphone-ticker.de\/","email":"ifun.de@gmail.com","telephone":"+493057707123","foundingDate":"2007-01-01","logo":{"@type":"ImageObject","url":"https:\/\/images.iphone-ticker.de\/wp-content\/uploads\/2026\/02\/apple-touch-icon.png","@id":"https:\/\/www.iphone-ticker.de\/photofast-memoriescable-lightning-kabel-mit-integriertem-zusatzspeicher-100430\/#organizationLogo","width":1024,"height":1024,"caption":"Apple Touch Icon"},"image":{"@id":"https:\/\/www.iphone-ticker.de\/photofast-memoriescable-lightning-kabel-mit-integriertem-zusatzspeicher-100430\/#organizationLogo"},"sameAs":["https:\/\/facebook.com\/ifun.de","https:\/\/x.com\/iphoneticker"]},{"@type":"Person","@id":"https:\/\/www.iphone-ticker.de\/author\/chris\/#author","url":"https:\/\/www.iphone-ticker.de\/author\/chris\/","name":"chris"},{"@type":"WebPage","@id":"https:\/\/www.iphone-ticker.de\/photofast-memoriescable-lightning-kabel-mit-integriertem-zusatzspeicher-100430\/#webpage","url":"https:\/\/www.iphone-ticker.de\/photofast-memoriescable-lightning-kabel-mit-integriertem-zusatzspeicher-100430\/","name":"PhotoFast MemoriesCable: Lightning-Kabel mit integriertem Zusatzspeicher | iphone-ticker.de","description":"PhotoFast ist uns in erster Linie durch seine mit Lightning- und USB-Anschluss ausgestatteten iFlash-Speicher-Sticks bekannt. Abgewandelt davon bietet das Unternehmen mit dem MemoriesCable aber auch ein Lightning-Kabel mit integriertem Speicher an. Das MemoriesCable kann sowohl zum Aufladen von iPhone oder iPad als auch als Zusatzspeicher genutzt werden und ist jetzt in Generation 3 erh\u00e4ltlich. Das","inLanguage":"de-DE","isPartOf":{"@id":"https:\/\/www.iphone-ticker.de\/#website"},"breadcrumb":{"@id":"https:\/\/www.iphone-ticker.de\/photofast-memoriescable-lightning-kabel-mit-integriertem-zusatzspeicher-100430\/#breadcrumblist"},"author":{"@id":"https:\/\/www.iphone-ticker.de\/author\/chris\/#author"},"creator":{"@id":"https:\/\/www.iphone-ticker.de\/author\/chris\/#author"},"image":{"@type":"ImageObject","url":"https:\/\/images.iphone-ticker.de\/wp-content\/uploads\/2016\/08\/photofast-memoriescable-header.jpg","@id":"https:\/\/www.iphone-ticker.de\/photofast-memoriescable-lightning-kabel-mit-integriertem-zusatzspeicher-100430\/#mainImage","width":960,"height":378,"caption":"Photofast Memoriescable Header"},"primaryImageOfPage":{"@id":"https:\/\/www.iphone-ticker.de\/photofast-memoriescable-lightning-kabel-mit-integriertem-zusatzspeicher-100430\/#mainImage"},"datePublished":"2016-08-16T14:19:31+02:00","dateModified":"2016-08-16T14:19:31+02:00"},{"@type":"WebSite","@id":"https:\/\/www.iphone-ticker.de\/#website","url":"https:\/\/www.iphone-ticker.de\/","name":"iphone-ticker.de","description":"Alles zum iPhone. Seit 2007.","inLanguage":"de-DE","publisher":{"@id":"https:\/\/www.iphone-ticker.de\/#organization"}}]},"og:locale":"de_DE","og:site_name":"iphone-ticker.de | Alles zum iPhone. Seit 2007.","og:type":"article","og:title":"PhotoFast MemoriesCable: Lightning-Kabel mit integriertem Zusatzspeicher | iphone-ticker.de","og:description":"PhotoFast ist uns in erster Linie durch seine mit Lightning- und USB-Anschluss ausgestatteten iFlash-Speicher-Sticks bekannt. Abgewandelt davon bietet das Unternehmen mit dem MemoriesCable aber auch ein Lightning-Kabel mit integriertem Speicher an. Das MemoriesCable kann sowohl zum Aufladen von iPhone oder iPad als auch als Zusatzspeicher genutzt werden und ist jetzt in Generation 3 erh\u00e4ltlich. Das","og:url":"https:\/\/www.iphone-ticker.de\/photofast-memoriescable-lightning-kabel-mit-integriertem-zusatzspeicher-100430\/","article:published_time":"2016-08-16T12:19:31+00:00","article:modified_time":"2016-08-16T12:19:31+00:00","article:publisher":"https:\/\/facebook.com\/ifun.de","twitter:card":"summary_large_image","twitter:site":"@iphoneticker","twitter:title":"PhotoFast MemoriesCable: Lightning-Kabel mit integriertem Zusatzspeicher | iphone-ticker.de","twitter:description":"PhotoFast ist uns in erster Linie durch seine mit Lightning- und USB-Anschluss ausgestatteten iFlash-Speicher-Sticks bekannt. Abgewandelt davon bietet das Unternehmen mit dem MemoriesCable aber auch ein Lightning-Kabel mit integriertem Speicher an. Das MemoriesCable kann sowohl zum Aufladen von iPhone oder iPad als auch als Zusatzspeicher genutzt werden und ist jetzt in Generation 3 erh\u00e4ltlich. Das","twitter:creator":"@iphoneticker"},"aioseo_meta_data":{"post_id":"100430","title":null,"description":null,"keywords":null,"keyphrases":null,"primary_term":null,"canonical_url":null,"og_title":null,"og_description":null,"og_object_type":"default","og_image_type":"default","og_image_url":null,"og_image_width":null,"og_image_height":null,"og_image_custom_url":null,"og_image_custom_fields":null,"og_video":null,"og_custom_url":null,"og_article_section":null,"og_article_tags":null,"twitter_use_og":false,"twitter_card":"default","twitter_image_type":"default","twitter_image_url":null,"twitter_image_custom_url":null,"twitter_image_custom_fields":null,"twitter_title":null,"twitter_description":null,"schema":{"blockGraphs":[],"customGraphs":[],"default":{"data":{"Article":[],"Course":[],"Dataset":[],"FAQPage":[],"Movie":[],"Person":[],"Product":[],"ProductReview":[],"Car":[],"Recipe":[],"Service":[],"SoftwareApplication":[],"WebPage":[]},"graphName":"NewsArticle","isEnabled":true},"graphs":[]},"schema_type":"default","schema_type_options":null,"pillar_content":false,"robots_default":true,"robots_noindex":false,"robots_noarchive":false,"robots_nosnippet":false,"robots_nofollow":false,"robots_noimageindex":false,"robots_noodp":false,"robots_notranslate":false,"robots_max_snippet":null,"robots_max_videopreview":null,"robots_max_imagepreview":"large","priority":null,"frequency":null,"local_seo":null,"seo_analyzer_scan_date":"2026-07-10 02:55:23","breadcrumb_settings":null,"limit_modified_date":false,"open_ai":null,"ai":null,"created":"2026-02-21 01:11:51","updated":"2026-07-10 02:55:23","focus_keyword":null,"additional_keywords":null,"truseo_locale":null},"aioseo_breadcrumb":"<div class=\"aioseo-breadcrumbs\"><span class=\"aioseo-breadcrumb\">\n\t<a href=\"https:\/\/www.iphone-ticker.de\" title=\"Home\">Home<\/a>\n<\/span><span class=\"aioseo-breadcrumb-separator\">\u00bb<\/span><span class=\"aioseo-breadcrumb\">\n\t<a href=\"https:\/\/www.iphone-ticker.de\/category\/zubehor\/\" title=\"Zubeh\u00f6r\">Zubeh\u00f6r<\/a>\n<\/span><span class=\"aioseo-breadcrumb-separator\">\u00bb<\/span><span class=\"aioseo-breadcrumb\">\n\tPhotoFast MemoriesCable: Lightning-Kabel mit integriertem Zusatzspeicher\n<\/span><\/div>","aioseo_breadcrumb_json":[{"label":"Home","link":"https:\/\/www.iphone-ticker.de"},{"label":"Zubeh\u00f6r","link":"https:\/\/www.iphone-ticker.de\/category\/zubehor\/"},{"label":"PhotoFast MemoriesCable: Lightning-Kabel mit integriertem Zusatzspeicher","link":"https:\/\/www.iphone-ticker.de\/photofast-memoriescable-lightning-kabel-mit-integriertem-zusatzspeicher-100430\/"}],"featured_image":["https:\/\/images.iphone-ticker.de\/wp-content\/uploads\/2016\/08\/photofast-memoriescable-header.jpg"],"rest_api_enabler":{"featured_image":"https:\/\/images.iphone-ticker.de\/wp-content\/uploads\/2016\/08\/photofast-memoriescable-header.jpg"},"_links":{"self":[{"href":"https:\/\/www.iphone-ticker.de\/apiv2\/wp\/v2\/posts\/100430","targetHints":{"allow":["GET"]}}],"collection":[{"href":"https:\/\/www.iphone-ticker.de\/apiv2\/wp\/v2\/posts"}],"about":[{"href":"https:\/\/www.iphone-ticker.de\/apiv2\/wp\/v2\/types\/post"}],"author":[{"embeddable":true,"href":"https:\/\/www.iphone-ticker.de\/apiv2\/wp\/v2\/users\/2"}],"replies":[{"embeddable":true,"href":"https:\/\/www.iphone-ticker.de\/apiv2\/wp\/v2\/comments?post=100430"}],"version-history":[{"count":2,"href":"https:\/\/www.iphone-ticker.de\/apiv2\/wp\/v2\/posts\/100430\/revisions"}],"predecessor-version":[{"id":100434,"href":"https:\/\/www.iphone-ticker.de\/apiv2\/wp\/v2\/posts\/100430\/revisions\/100434"}],"wp:featuredmedia":[{"embeddable":true,"href":"https:\/\/www.iphone-ticker.de\/apiv2\/wp\/v2\/media\/100432"}],"wp:attachment":[{"href":"https:\/\/www.iphone-ticker.de\/apiv2\/wp\/v2\/media?parent=100430"}],"wp:term":[{"taxonomy":"category","embeddable":true,"href":"https:\/\/www.iphone-ticker.de\/apiv2\/wp\/v2\/categories?post=100430"},{"taxonomy":"post_tag","embeddable":true,"href":"https:\/\/www.iphone-ticker.de\/apiv2\/wp\/v2\/tags?post=100430"}],"curies":[{"name":"wp","href":"https:\/\/api.w.org\/{rel}","templated":true}]}}