{"id":100335,"date":"2016-08-13T11:19:51","date_gmt":"2016-08-13T09:19:51","guid":{"rendered":"http:\/\/www.iphone-ticker.de\/?p=100335"},"modified":"2016-08-13T11:19:51","modified_gmt":"2016-08-13T09:19:51","slug":"sonos-sprachsteuerung-und-direktwiedergabe-schon-anfang-september","status":"publish","type":"post","link":"https:\/\/www.iphone-ticker.de\/sonos-sprachsteuerung-und-direktwiedergabe-schon-anfang-september-100335\/","title":{"rendered":"Sonos: Sprachsteuerung und Direktwiedergabe schon Anfang September?"},"content":{"rendered":"<p>Der Lautsprecher-Hersteller Sonos k\u00f6nnte kurz davor stehen seine Multiroom-Speaker um eine <a href=\"http:\/\/www.ifun.de\/tap-und-echo-dot-zwei-neue-intelligente-lautsprecher-von-amazon-89239\/\">Echo<\/a>-\u00e4hnliche Sprachsteuerung zu erg\u00e4nzen. Dies berichtet der amerikanische Business Insider unter Berufung auf Personen, die mit der Angelegenheit vertraut seien und verweist auf ein f\u00fcr <a href=\"http:\/\/www.businessinsider.com\/sonos-august-30-event-voice-control-app-improvements-2016-8\">Ende August<\/a> geplantes Medien-Event des Unternehmens.<\/p>\n<p><a href=\"https:\/\/images.iphone-ticker.de\/wp-content\/uploads\/2015\/11\/sonosplay5-play.jpg\"><img loading=\"lazy\" decoding=\"async\" class=\"aligncenter size-full wp-image-89115\" src=\"https:\/\/images.iphone-ticker.de\/wp-content\/uploads\/2015\/11\/sonosplay5-play.jpg\" alt=\"sonosplay5-play\" width=\"500\" height=\"293\" srcset=\"https:\/\/images.iphone-ticker.de\/wp-content\/uploads\/2015\/11\/sonosplay5-play.jpg 500w, https:\/\/images.iphone-ticker.de\/wp-content\/uploads\/2015\/11\/sonosplay5-play-300x176.jpg 300w\" sizes=\"auto, (max-width: 500px) 100vw, 500px\" \/><\/a><\/p>\n<p>Schon in gut zwei Wochen soll Sonos demnach seine Roadmap f\u00fcr die Integration einer umfangreichen Sprachsteuerung vorstellen, wird jedoch auf die Ank\u00fcndigung neuer Hardware-Produkte verzichten.<\/p>\n<p>Eine <a href=\"http:\/\/www.ifun.de\/sonos-arbeitet-an-sprachsteuerung-89569\/\">absehbare Entwicklung<\/a>: Das j\u00fcngste Familienmitglied der von Sonos angebotenen Multiroom-Systeme, der Ende Oktober pr\u00e4sentierte <a href=\"http:\/\/www.iphone-ticker.de\/sonos-play-5-und-sonos-trueplay-ersteindruck-termine-videotest-88601\/\">Play:5<\/a>, besitzt bereits zwei integrierte Mikrofone &#8211; diese werden aktuell jedoch noch nicht vom System genutzt. Die Hardware ist also schon seit gut einem Jahr f\u00fcr den &#8222;Senderwechsel auf Zuruf&#8220; vorbereitet.<\/p>\n<p>Das Event am 30. August soll sich auf die neuen Voice-Funktionen konzentrieren, die sich voraussichtlich sowohl mit der Sonos-App als auch dem Play:5 nutzen lassen.<\/p>\n<h2>Tiefere Drittanbieter-Integration<\/h2>\n<p>Neben der Reaktion auf Sprachbefehle sollen die Sonos-Lautsprecher zudem die Integration von Drittanbieter-Diensten wie Spotify, Napster, Pandora oder Apple Music verbessern.<\/p>\n<p>Geplant sei, dass sich das Unternehmen von der Alleinherrschaft der offiziellen Sonos-App verabschiedet und es Drittanbietern erm\u00f6glichen wird, die verf\u00fcgbaren Lautsprecher direkt zu bespielen. Anstatt die Sonos-App zu starten, hier eine gesicherte Spotify-Playliste zu suchen und diese abzuspielen, k\u00f6nnten Nutzer zuk\u00fcnftig direkt zur Spotify-App greifen und hier die Sonos-Lautsprecher als Ausgabeziel w\u00e4hlen.<\/p>\n<p><a href=\"https:\/\/images.iphone-ticker.de\/wp-content\/uploads\/2013\/10\/playpause.jpg\"><img loading=\"lazy\" decoding=\"async\" class=\"aligncenter size-full wp-image-55610\" src=\"https:\/\/images.iphone-ticker.de\/wp-content\/uploads\/2013\/10\/playpause.jpg\" alt=\"playpause\" width=\"700\" height=\"467\" srcset=\"https:\/\/images.iphone-ticker.de\/wp-content\/uploads\/2013\/10\/playpause.jpg 700w, https:\/\/images.iphone-ticker.de\/wp-content\/uploads\/2013\/10\/playpause-300x200.jpg 300w\" sizes=\"auto, (max-width: 700px) 100vw, 700px\" \/><\/a><\/p>\n<h2>Umstellung zeichnete sich im M\u00e4rz ab<\/h2>\n<p>Der Scoop des Business Insiders klingt plausibel: Bereits <a href=\"http:\/\/www.ifun.de\/sonos-arbeitet-an-sprachsteuerung-89569\/\">im M\u00e4rz meldete sich<\/a> Sonos-CEO John MacFarlane in einem Blog-Eintrag zur Zukunft des Unternehmens zu Wort. Schon damals verwies der Sonos-Chef auf Siri, OK Google, Cortana und vor allem auf Amazons wegweisende Echo-Produkte.<\/p>\n<blockquote><p>Bei Sonos werden wir uns langfristig Gedanken dazu machen, wie wir die sprachgesteuerte \u201emusic experiences\u201c am besten in die vier W\u00e4nde unserer Kunden bekommen. Das Thema Voice ist eine gro\u00dfe Ver\u00e4nderung f\u00fcr uns \u2013 wir werden investieren was n\u00f6tig ist, um diese in einer wundervollen Art und Weise auf den Markt zu bringen.<\/p><\/blockquote>\n<p>Der Termin darf also mit Spannung erwartet werden.<\/p>\n<p>Den <a rel=\"noindex, nofollow\" href=\"http:\/\/www.ifun.de\/amzn\/B01615UVDI\">529 Euro teuren<\/a> Sonos Play:5 haben wir in in <a href=\"http:\/\/www.iphone-ticker.de\/sonos-play-5-und-sonos-trueplay-ersteindruck-termine-videotest-88601\/\">diesem Artikel<\/a> ausf\u00fchrlich vorgestellt. Das Einsteiger-Modell, den <a rel=\"noindex, nofollow\" href=\"http:\/\/www.ifun.de\/amzn\/B00FSCNLME\">f\u00fcr 219 Euro angebotenen<\/a> Sonos Play:1 konnten wir bereits <a href=\"http:\/\/www.iphone-ticker.de\/sonos-play1-testbericht-video-55606\/\">im Oktober 2013 testen<\/a>. Die kleinen Lautsprecher werden bei Amazon aktuell im Starter Set angeboten.<\/p>\n","protected":false},"excerpt":{"rendered":"<a href=\"https:\/\/www.iphone-ticker.de\/sonos-sprachsteuerung-und-direktwiedergabe-schon-anfang-september-100335\/\"><img width=\"150\" height=\"150\" src=\"https:\/\/images.iphone-ticker.de\/wp-content\/uploads\/2016\/08\/sonos-header-150x150.jpg\" class=\"alignright tfe wp-post-image\" alt=\"Sonos Header\" decoding=\"async\" loading=\"lazy\" \/><\/a><p>Der Lautsprecher-Hersteller Sonos k\u00f6nnte kurz davor stehen seine Multiroom-Speaker um eine Echo-\u00e4hnliche Sprachsteuerung zu erg\u00e4nzen. Dies berichtet der amerikanische Business Insider unter Berufung auf Personen, die mit der Angelegenheit vertraut seien und verweist auf ein f\u00fcr Ende August geplantes Medien-Event des Unternehmens. Schon in gut zwei Wochen soll Sonos demnach seine Roadmap f\u00fcr die Integration [&hellip;]<\/p>\n","protected":false},"author":1,"featured_media":100336,"comment_status":"open","ping_status":"closed","sticky":false,"template":"","format":"standard","meta":{"footnotes":""},"categories":[24],"tags":[2064,3910,713,5239],"class_list":["post-100335","post","type-post","status-publish","format-standard","has-post-thumbnail","hentry","category-zubehor","tag-geruechte","tag-rumors","tag-sonos","tag-zubehoer"],"aioseo_notices":[],"featured_image":["https:\/\/images.iphone-ticker.de\/wp-content\/uploads\/2016\/08\/sonos-header.jpg"],"rest_api_enabler":{"featured_image":"https:\/\/images.iphone-ticker.de\/wp-content\/uploads\/2016\/08\/sonos-header.jpg"},"_links":{"self":[{"href":"https:\/\/www.iphone-ticker.de\/apiv2\/wp\/v2\/posts\/100335","targetHints":{"allow":["GET"]}}],"collection":[{"href":"https:\/\/www.iphone-ticker.de\/apiv2\/wp\/v2\/posts"}],"about":[{"href":"https:\/\/www.iphone-ticker.de\/apiv2\/wp\/v2\/types\/post"}],"author":[{"embeddable":true,"href":"https:\/\/www.iphone-ticker.de\/apiv2\/wp\/v2\/users\/1"}],"replies":[{"embeddable":true,"href":"https:\/\/www.iphone-ticker.de\/apiv2\/wp\/v2\/comments?post=100335"}],"version-history":[{"count":1,"href":"https:\/\/www.iphone-ticker.de\/apiv2\/wp\/v2\/posts\/100335\/revisions"}],"predecessor-version":[{"id":100337,"href":"https:\/\/www.iphone-ticker.de\/apiv2\/wp\/v2\/posts\/100335\/revisions\/100337"}],"wp:featuredmedia":[{"embeddable":true,"href":"https:\/\/www.iphone-ticker.de\/apiv2\/wp\/v2\/media\/100336"}],"wp:attachment":[{"href":"https:\/\/www.iphone-ticker.de\/apiv2\/wp\/v2\/media?parent=100335"}],"wp:term":[{"taxonomy":"category","embeddable":true,"href":"https:\/\/www.iphone-ticker.de\/apiv2\/wp\/v2\/categories?post=100335"},{"taxonomy":"post_tag","embeddable":true,"href":"https:\/\/www.iphone-ticker.de\/apiv2\/wp\/v2\/tags?post=100335"}],"curies":[{"name":"wp","href":"https:\/\/api.w.org\/{rel}","templated":true}]}}